{"id":224,"date":"2018-10-15T12:30:00","date_gmt":"2018-10-15T10:30:00","guid":{"rendered":"https:\/\/zabal.net\/?p=224"},"modified":"2025-03-31T11:18:45","modified_gmt":"2025-03-31T09:18:45","slug":"224","status":"publish","type":"post","link":"https:\/\/zabal.net\/index.php\/2018\/10\/15\/224\/","title":{"rendered":"C&rsquo;est ton coeur que j&rsquo;\u00e9coute"},"content":{"rendered":"\n<blockquote class=\"wp-block-quote\"><p>S\u00e9lection Short \u00c9ditions<\/p><\/blockquote>\n\n\n\n<p>Les souvenirs s\u2019en sont all\u00e9s,<\/p>\n\n\n\n<p>Depuis le jour o\u00f9 je suis n\u00e9,<\/p>\n\n\n\n<p>Jusqu\u2019\u00e0 ces mots,<\/p>\n\n\n\n<p>Murmur\u00e9s, insens\u00e9s,<\/p>\n\n\n\n<p>Qui m\u2019ont chang\u00e9 en \u00e9tranger.<\/p>\n\n\n\n<p>Alors,<\/p>\n\n\n\n<p>C\u2019est ton c\u0153ur que j\u2019\u00e9coute.<\/p>\n\n\n\n<p><\/p>\n\n\n\n<p>Qu\u2019y a-t-il de pire que l\u2019oubli&nbsp;?<\/p>\n\n\n\n<p>Quand ma m\u00e9moire serre ma poitrine,<\/p>\n\n\n\n<p>Et que la tienne,<\/p>\n\n\n\n<p>Agress\u00e9e, saccag\u00e9e,<\/p>\n\n\n\n<p>\u00c9teint tes yeux et br\u00fble ta voix.<\/p>\n\n\n\n<p>Alors,<\/p>\n\n\n\n<p>C\u2019est ton c\u0153ur que j\u2019\u00e9coute.<\/p>\n\n\n\n<p><\/p>\n\n\n\n<p>Plus le temps passe et plus je souffre.<\/p>\n\n\n\n<p>Toi qui as inond\u00e9 ma vie,<\/p>\n\n\n\n<p>De ton amour,<\/p>\n\n\n\n<p>Maternel, fusionnel,<\/p>\n\n\n\n<p>Et que la maladie emporte.<\/p>\n\n\n\n<p>Alors,<\/p>\n\n\n\n<p>C\u2019est ton c\u0153ur que j\u2019\u00e9coute.<\/p>\n\n\n\n<p><\/p>\n\n\n\n<p>Est-ce toi, maman, que je vois&nbsp;?<\/p>\n\n\n\n<p>Est-ce toi, maman, que j\u2019entends&nbsp;?<\/p>\n\n\n\n<p>Est-ce toi qui\u2026<\/p>\n\n\n\n<p>Allong\u00e9e, d\u00e9cadente,<\/p>\n\n\n\n<p>Va dispara\u00eetre pr\u00e8s de moi&nbsp;?<\/p>\n\n\n\n<p>Alors,<\/p>\n\n\n\n<p>C\u2019est ton c\u0153ur que j\u2019\u00e9coute.<\/p>\n\n\n\n<p><\/p>\n\n\n\n<p>Il me parlait dans ton ventre.<\/p>\n\n\n\n<p>Il me rassurait dans tes bras.<\/p>\n\n\n\n<p>Nous faisions qu\u2019un,<\/p>\n\n\n\n<p>Corporel, immortel.<\/p>\n\n\n\n<p>Je veux T\u2019entendre me dire adieu,<\/p>\n\n\n\n<p>Alors,<\/p>\n\n\n\n<p>C\u2019est ton c\u0153ur que j\u2019\u00e9coute.<\/p>\n","protected":false},"excerpt":{"rendered":"<p>S\u00e9lection Short \u00c9ditions Les souvenirs s\u2019en sont all\u00e9s, Depuis le jour o\u00f9 je suis n\u00e9, Jusqu\u2019\u00e0 ces mots, Murmur\u00e9s, insens\u00e9s, Qui m\u2019ont chang\u00e9 en \u00e9tranger. Alors, C\u2019est ton c\u0153ur que&hellip;<\/p>\n","protected":false},"author":1,"featured_media":225,"comment_status":"open","ping_status":"open","sticky":false,"template":"","format":"standard","meta":[],"categories":[10],"tags":[],"_links":{"self":[{"href":"https:\/\/zabal.net\/index.php\/wp-json\/wp\/v2\/posts\/224"}],"collection":[{"href":"https:\/\/zabal.net\/index.php\/wp-json\/wp\/v2\/posts"}],"about":[{"href":"https:\/\/zabal.net\/index.php\/wp-json\/wp\/v2\/types\/post"}],"author":[{"embeddable":true,"href":"https:\/\/zabal.net\/index.php\/wp-json\/wp\/v2\/users\/1"}],"replies":[{"embeddable":true,"href":"https:\/\/zabal.net\/index.php\/wp-json\/wp\/v2\/comments?post=224"}],"version-history":[{"count":3,"href":"https:\/\/zabal.net\/index.php\/wp-json\/wp\/v2\/posts\/224\/revisions"}],"predecessor-version":[{"id":272,"href":"https:\/\/zabal.net\/index.php\/wp-json\/wp\/v2\/posts\/224\/revisions\/272"}],"wp:featuredmedia":[{"embeddable":true,"href":"https:\/\/zabal.net\/index.php\/wp-json\/wp\/v2\/media\/225"}],"wp:attachment":[{"href":"https:\/\/zabal.net\/index.php\/wp-json\/wp\/v2\/media?parent=224"}],"wp:term":[{"taxonomy":"category","embeddable":true,"href":"https:\/\/zabal.net\/index.php\/wp-json\/wp\/v2\/categories?post=224"},{"taxonomy":"post_tag","embeddable":true,"href":"https:\/\/zabal.net\/index.php\/wp-json\/wp\/v2\/tags?post=224"}],"curies":[{"name":"wp","href":"https:\/\/api.w.org\/{rel}","templated":true}]}}